{"id":11318,"date":"2020-06-09T13:06:34","date_gmt":"2020-06-09T10:06:34","guid":{"rendered":"https:\/\/intoconcept.com\/?p=11318"},"modified":"2025-10-23T07:17:45","modified_gmt":"2025-10-23T07:17:45","slug":"les-designers-dintos-nomines-pour-le-prix-ornamo","status":"publish","type":"post","link":"https:\/\/intoconcept.com\/fr\/inton-paasuunnittelijat-ehdolla-ornamo-palkinnon-saajiksi\/","title":{"rendered":"Les designers en chef d'INTO nomin\u00e9s pour le prix Ornamo"},"content":{"rendered":"<h1>Les designers en chef d'INTO nomin\u00e9s pour le prix Ornamo<\/h1>\n<p>Bonne nouvelle ! Nos concepteurs principaux ont \u00e9t\u00e9 nomin\u00e9s pour le prix Ornamo. <strong>F\u00e9licitations \u00e0 Hanna Gullst\u00e9n et Jari Inkinen !<\/strong><\/p>\n<p>Hanna Gullst\u00e9n et Jari Inkinen sont \u00e0 la recherche d'une reconnaissance prestigieuse du design cette ann\u00e9e. Les candidats sont des pionniers d\u00e9termin\u00e9s, chacun dans son domaine. Ils s'int\u00e9ressent au r\u00f4le du design dans la promotion de l'\u00e9conomie circulaire et de l'\u00e9galit\u00e9, ainsi qu'\u00e0 l'internationalisation et \u00e0 l'exp\u00e9rimentation.<\/p>\n<figure id=\"attachment_11319\" aria-describedby=\"caption-attachment-11319\" style=\"width: 1200px\" class=\"wp-caption alignnone\"><img fetchpriority=\"high\" decoding=\"async\" class=\"size-full wp-image-11319\" src=\"\/wp-content\/uploads\/2020\/06\/gullsten-inkinen_photo_anni_koponen_logo_lowres-1200x687.jpg\" alt=\"\" width=\"1200\" height=\"687\" \/><figcaption id=\"caption-attachment-11319\" class=\"wp-caption-text\">Les nomin\u00e9s du prix Ornamo 2020. photo:Anni Koponen. <a href=\"https:\/\/www.ornamo.fi\/fi\/artikkeli\/hanna-gullsten-ja-jari-inkinen-ovat-jo-30-vuotta-suunnitelleet-tiloja-mahdollisimman-pienella-hiilijalanjaljella\/\" target=\"_blank\" rel=\"noopener\">Image emprunt\u00e9e ici<\/a>.<\/figcaption><\/figure>\n<p>&nbsp;<\/p>\n<p>La nomination au Prix Ornamo est une reconnaissance coll\u00e9giale prestigieuse de l'industrie du design, d\u00e9cern\u00e9e depuis 2015. Les membres de l'Ornamo proposent des designers m\u00e9ritants parmi leurs pairs, parmi lesquels le conseil d'administration de l'Ornamo s\u00e9lectionne trois nomin\u00e9s. Le prix est d\u00e9cern\u00e9 par une personnalit\u00e9 ext\u00e9rieure, cette ann\u00e9e l'\u00e9crivaine et artiste visuelle Rosa Liksom. Le laur\u00e9at sera annonc\u00e9 lors d'un \u00e9v\u00e9nement en direct le 3 septembre 2020.<\/p>\n<p>En savoir plus <a href=\"https:\/\/www.ornamo.fi\/fi\/artikkeli\/hanna-gullsten-ja-jari-inkinen-ovat-jo-30-vuotta-suunnitelleet-tiloja-mahdollisimman-pienella-hiilijalanjaljella\/\" target=\"_blank\" rel=\"noopener\">Extrait du site web de l'Ornamo<\/a>.<\/p>\n<p>&nbsp;<\/p>","protected":false},"excerpt":{"rendered":"<p>INTOn p\u00e4\u00e4suunnittelijat ehdolla Ornamo palkinnon saajiksi Hyvi\u00e4 uutisia! P\u00e4\u00e4suunnittelijamme on nimitetty ehdolle Ornamo-palkinnon saajiksi. Onnea Hanna Gullst\u00e9n &amp; Jari Inkinen! Hanna Gullst\u00e9n ja Jari Inkinen tavoittelevat t\u00e4n\u00e4 vuonna muotoilualan arvostettua tunnustusta. Ehdokkaat ovat m\u00e4\u00e4r\u00e4tietoisia oman tiens\u00e4 kulkijoita ja muotoilun pioneereja kukin omalla alallaan. Heit\u00e4 kiinnostaa muotoilun rooli kiertotalouden ja yhdenvertaisuuden edist\u00e4j\u00e4n\u00e4, kuin my\u00f6s kansainv\u00e4lisyys ja [&hellip;]<\/p>\n","protected":false},"author":2,"featured_media":11315,"comment_status":"closed","ping_status":"closed","sticky":false,"template":"","format":"standard","meta":{"_acf_changed":false,"_improvement_type_select":"improve_an_existing","_thumb_yes_seoaic":false,"_frame_yes_seoaic":false,"seoaic_generate_description":"","seoaic_improve_instructions_prompt":"","seoaic_rollback_content_improvement":"","seoaic_idea_thumbnail_generator":"","thumbnail_generated":false,"thumbnail_generate_prompt":"","seoaic_article_description":"","seoaic_article_subtitles":[],"footnotes":""},"categories":[38],"tags":[],"class_list":["post-11318","post","type-post","status-publish","format-standard","has-post-thumbnail","hentry","category-artikkelit"],"acf":[],"_links":{"self":[{"href":"https:\/\/intoconcept.com\/fr\/wp-json\/wp\/v2\/posts\/11318","targetHints":{"allow":["GET"]}}],"collection":[{"href":"https:\/\/intoconcept.com\/fr\/wp-json\/wp\/v2\/posts"}],"about":[{"href":"https:\/\/intoconcept.com\/fr\/wp-json\/wp\/v2\/types\/post"}],"author":[{"embeddable":true,"href":"https:\/\/intoconcept.com\/fr\/wp-json\/wp\/v2\/users\/2"}],"replies":[{"embeddable":true,"href":"https:\/\/intoconcept.com\/fr\/wp-json\/wp\/v2\/comments?post=11318"}],"version-history":[{"count":1,"href":"https:\/\/intoconcept.com\/fr\/wp-json\/wp\/v2\/posts\/11318\/revisions"}],"predecessor-version":[{"id":29177,"href":"https:\/\/intoconcept.com\/fr\/wp-json\/wp\/v2\/posts\/11318\/revisions\/29177"}],"wp:featuredmedia":[{"embeddable":true,"href":"https:\/\/intoconcept.com\/fr\/wp-json\/wp\/v2\/media\/11315"}],"wp:attachment":[{"href":"https:\/\/intoconcept.com\/fr\/wp-json\/wp\/v2\/media?parent=11318"}],"wp:term":[{"taxonomy":"category","embeddable":true,"href":"https:\/\/intoconcept.com\/fr\/wp-json\/wp\/v2\/categories?post=11318"},{"taxonomy":"post_tag","embeddable":true,"href":"https:\/\/intoconcept.com\/fr\/wp-json\/wp\/v2\/tags?post=11318"}],"curies":[{"name":"wp","href":"https:\/\/api.w.org\/{rel}","templated":true}]}}