{"id":21442,"date":"2025-05-13T15:30:04","date_gmt":"2025-05-13T12:30:04","guid":{"rendered":"https:\/\/intoconcept.com\/?p=21442"},"modified":"2025-09-29T12:13:50","modified_gmt":"2025-09-29T12:13:50","slug":"le-concept-implique-dans-la-maison-de-services-primee-de-kielomaen","status":"publish","type":"post","link":"https:\/\/intoconcept.com\/fr\/into-concept-mukana-palkitussa-rinnekodit-kielomaen-palvelutalossa\/","title":{"rendered":"INTO Concept participe \u00e0 la r\u00e9alisation de la maison de services prim\u00e9e Rinnekodit Kielom\u00e4ki"},"content":{"rendered":"<h2 data-start=\"59\" data-end=\"350\">DANS LES cabines t\u00e9l\u00e9phoniques dans le cadre d'un paquet r\u00e9ussi<\/h2>\n<p class=\"\" data-start=\"59\" data-end=\"350\">INTO Concept a livr\u00e9 deux cadres en ch\u00eane <a href=\"https:\/\/intoconcept.com\/fr\/produit\/cabine-telephonique\/\">POD PHONE<\/a>\u00a0-La cabine t\u00e9l\u00e9phonique du nouveau b\u00e2timent de services de Rinnekodit Kielom\u00e4ki \u00e0 Espoo. Le b\u00e2timent a re\u00e7u <a href=\"https:\/\/www.espoo.fi\/fi\/uutiset\/2025\/04\/espoo-antoi-rakentamisen-hurraa-tunnustuspalkinnon-tiistilan-paivakodille-koululle-ja-pihalle\" target=\"_blank\" rel=\"noopener\">Hourra ! 2024 - Mention d'honneur<\/a> Par la ville d'Espoo, en reconnaissance d'un projet d'environnement b\u00e2ti particuli\u00e8rement r\u00e9ussi et digne d'\u00e9loges.<\/p>\n<p class=\"\" data-start=\"352\" data-end=\"697\"><a href=\"https:\/\/www.rinnekodit.fi\/toimipisteet\/rinnekodit-kielomaki\/\" target=\"_blank\" rel=\"noopener\">P\u00e9pini\u00e8res Kielom\u00e4ki<\/a> est un b\u00e2timent en bois, chaleureux et naturel, con\u00e7u par l'\u00e9quipe de l'Institut de recherche et de d\u00e9veloppement de l'Union europ\u00e9enne. <a href=\"https:\/\/arkp.fi\/\" target=\"_blank\" rel=\"noopener\">Bureau d'architecture Ponkala Oy<\/a>. Le conseil municipal d'Espoo a salu\u00e9 le site en particulier pour son aspect agr\u00e9able et fonctionnel et pour la prise en compte de la nature comme \u00e9l\u00e9ment du bien-\u00eatre des r\u00e9sidents.<\/p>\n<p class=\"\" data-start=\"699\" data-end=\"1122\">Les cabines t\u00e9l\u00e9phoniques POD PHONE d'INTO Concept compl\u00e8tent la fonctionnalit\u00e9 de l'espace en offrant un cadre calme pour les appels priv\u00e9s et les situations n\u00e9cessitant de la concentration. La construction en ch\u00eane naturel s'int\u00e8gre parfaitement \u00e0 l'architecture du b\u00e2timent et contribue \u00e0 un environnement de vie confortable.<\/p>\n<p class=\"\" data-start=\"699\" data-end=\"1122\">Depuis 2014, le prix Hurray ! est d\u00e9cern\u00e9 par la ville d'Espoo pour r\u00e9compenser des projets exemplaires dans le domaine de l'environnement b\u00e2ti.<\/p>\n<p data-start=\"699\" data-end=\"1122\"><img fetchpriority=\"high\" decoding=\"async\" class=\"alignnone wp-image-21449\" src=\"https:\/\/intoconcept.com\/wp-content\/uploads\/2025\/05\/IMG_3791-2-1.jpg\" alt=\"\" width=\"372\" height=\"408\" srcset=\"https:\/\/intoconcept.com\/wp-content\/uploads\/2025\/05\/IMG_3791-2-1.jpg 1749w, https:\/\/intoconcept.com\/wp-content\/uploads\/2025\/05\/IMG_3791-2-1-273x300.jpg 273w, https:\/\/intoconcept.com\/wp-content\/uploads\/2025\/05\/IMG_3791-2-1-933x1024.jpg 933w, https:\/\/intoconcept.com\/wp-content\/uploads\/2025\/05\/IMG_3791-2-1-768x843.jpg 768w, https:\/\/intoconcept.com\/wp-content\/uploads\/2025\/05\/IMG_3791-2-1-1399x1536.jpg 1399w, https:\/\/intoconcept.com\/wp-content\/uploads\/2025\/05\/IMG_3791-2-1-11x12.jpg 11w\" sizes=\"(max-width: 372px) 100vw, 372px\" \/><\/p>\n<p class=\"\" data-start=\"699\" data-end=\"1122\">Cabine t\u00e9l\u00e9phonique POD PHONE avec cadre en ch\u00eane<\/p>","protected":false},"excerpt":{"rendered":"<p>INTOn puhelinkopit osana onnistunutta kokonaisuutta INTO Concept toimitti kaksi tammirunkoista POD PHONE\u00a0-puhelinkoppia uuteen Rinnekodit Kielom\u00e4en palveluasumisen kohteeseen Espooseen. Rakennus sai Hurraa! 2024 -kunniamaininnan Espoon kaupungilta tunnustuksena erityisen onnistuneesta ja ansiokkaasta rakennetun ymp\u00e4rist\u00f6n hankkeesta. Rinnekodit Kielom\u00e4ki on l\u00e4mminhenkinen ja luonnonl\u00e4heinen puurakennus, jonka suunnittelusta vastasi Arkkitehtitoimisto Ponkala Oy. Espoon kaupungin lautakunta kiitti kohdetta erityisesti sen kodikkaasta ja [&hellip;]<\/p>\n","protected":false},"author":2,"featured_media":21443,"comment_status":"closed","ping_status":"closed","sticky":false,"template":"","format":"standard","meta":{"_acf_changed":false,"_improvement_type_select":"improve_an_existing","_thumb_yes_seoaic":false,"_frame_yes_seoaic":false,"seoaic_generate_description":"","seoaic_improve_instructions_prompt":"","seoaic_rollback_content_improvement":"","seoaic_idea_thumbnail_generator":"","thumbnail_generated":false,"thumbnail_generate_prompt":"","seoaic_article_description":"","seoaic_article_subtitles":[],"footnotes":""},"categories":[38],"tags":[],"class_list":["post-21442","post","type-post","status-publish","format-standard","has-post-thumbnail","hentry","category-artikkelit"],"acf":[],"_links":{"self":[{"href":"https:\/\/intoconcept.com\/fr\/wp-json\/wp\/v2\/posts\/21442","targetHints":{"allow":["GET"]}}],"collection":[{"href":"https:\/\/intoconcept.com\/fr\/wp-json\/wp\/v2\/posts"}],"about":[{"href":"https:\/\/intoconcept.com\/fr\/wp-json\/wp\/v2\/types\/post"}],"author":[{"embeddable":true,"href":"https:\/\/intoconcept.com\/fr\/wp-json\/wp\/v2\/users\/2"}],"replies":[{"embeddable":true,"href":"https:\/\/intoconcept.com\/fr\/wp-json\/wp\/v2\/comments?post=21442"}],"version-history":[{"count":0,"href":"https:\/\/intoconcept.com\/fr\/wp-json\/wp\/v2\/posts\/21442\/revisions"}],"wp:featuredmedia":[{"embeddable":true,"href":"https:\/\/intoconcept.com\/fr\/wp-json\/wp\/v2\/media\/21443"}],"wp:attachment":[{"href":"https:\/\/intoconcept.com\/fr\/wp-json\/wp\/v2\/media?parent=21442"}],"wp:term":[{"taxonomy":"category","embeddable":true,"href":"https:\/\/intoconcept.com\/fr\/wp-json\/wp\/v2\/categories?post=21442"},{"taxonomy":"post_tag","embeddable":true,"href":"https:\/\/intoconcept.com\/fr\/wp-json\/wp\/v2\/tags?post=21442"}],"curies":[{"name":"wp","href":"https:\/\/api.w.org\/{rel}","templated":true}]}}