{"id":9183,"date":"2020-02-13T14:52:38","date_gmt":"2020-02-13T12:52:38","guid":{"rendered":"https:\/\/intoconcept.com\/?p=9183"},"modified":"2025-10-23T09:00:43","modified_gmt":"2025-10-23T09:00:43","slug":"merci-tukholma-2020","status":"publish","type":"post","link":"https:\/\/intoconcept.com\/fr\/kiitos-tukholma-2020\/","title":{"rendered":"Merci Stockholm 2020 !"},"content":{"rendered":"<h1>MERCI AU SALON DU MEUBLE TUKHOLMA 2020<\/h1>\n<p>Merci d'avoir visit\u00e9 notre stand ! Nous avons \u00e9t\u00e9 ravis de rencontrer tant de<span style=\"text-decoration: line-through;\"> d\u00e9j\u00e0<\/span> Nous avons \u00e9galement eu l'occasion de rencontrer des clients existants et de nouer des contacts avec de nouvelles connaissances. Pendant le salon, nous avons lanc\u00e9 notre nouveau produit, POD Panel, qui a re\u00e7u un accueil tr\u00e8s positif. Nous avons \u00e9t\u00e9 particuli\u00e8rement impressionn\u00e9s par la facilit\u00e9 du m\u00e9canisme de fixation et les belles options de couleur, qui font que le produit s'adapte \u00e0 n'importe quel espace.<\/p>\n<p><a href=\"https:\/\/intoconcept.com\/fr\/produit\/panneau-de-la-nacelle\/\">En savoir plus sur le panel POD<\/a><\/p>\n<h2><img fetchpriority=\"high\" decoding=\"async\" class=\"alignnone size-full wp-image-9184\" src=\"\/wp-content\/uploads\/2020\/02\/into_the_nordic_silence_sff20_stand2.jpg\" alt=\"\" width=\"1459\" height=\"747\" \/><\/h2>\n<h2>La nature comme source d'inspiration<\/h2>\n<p>Chez INTO, la nature a toujours \u00e9t\u00e9 une importante source d'inspiration pour la conception et le d\u00e9veloppement des produits. Nous voulons offrir \u00e0 nos clients non seulement la tranquillit\u00e9 nordique, mais aussi l'exp\u00e9rience d'\u00eatre proche de la nature dans la vie de tous les jours.<\/p>\n<p><a href=\"https:\/\/intoconcept.com\/fr\/la-nature-comme-ressource-et-source-dinspiration\/\" target=\"_blank\" rel=\"noopener\">D\u00e9couvrez ici comment la nature peut vous aider \u00e0 vous concentrer<\/a><\/p>\n<p>Cette ann\u00e9e, nous avons fait entrer la nature dans notre stand par le biais d'images, de couleurs et de plantes. <a href=\"https:\/\/intoconcept.com\/fr\/produit\/cabine-telephonique\/\" target=\"_blank\" rel=\"noopener\">POD PHONE<\/a>avait un tapis de mousse qui attirait les visiteurs dans notre cabine t\u00e9l\u00e9phonique. Nouveaut\u00e9 de <a href=\"https:\/\/intoconcept.com\/fr\/produit\/panneau-de-la-nacelle\/\" target=\"_blank\" rel=\"noopener\">Notre panel POD<\/a> Les couleurs sont printani\u00e8res et s'accordent avec la fra\u00eecheur de l'eau de mer. <a href=\"https:\/\/intoconcept.com\/fr\/produit\/point-cup-group-workspace\/\" target=\"_blank\" rel=\"noopener\">Nos meubles CUP<\/a> avec.<\/p>\n<p>&nbsp;<\/p>\n<h3>Produits phares des salons<\/h3>\n<p><strong>STORY WALL<\/strong><br \/>\nAvec le lancement des panneaux POD, nous avons \u00e9galement lanc\u00e9 une gamme d'accessoires. <a href=\"https:\/\/intoconcept.com\/fr\/produit\/mur-dhistoire-separateur-de-piece-acoustique\/\" target=\"_blank\" rel=\"noopener\">STORY WALL<\/a>-nos produits. Les tableaux blancs acoustiques muraux et les supports de t\u00e9l\u00e9vision STORY WALL rendent ces s\u00e9parateurs de pi\u00e8ces encore plus adaptables, ce qui les rend particuli\u00e8rement appropri\u00e9s pour le travail agile.<\/p>\n<p><img decoding=\"async\" class=\"alignnone size-full wp-image-9185\" src=\"\/wp-content\/uploads\/2020\/02\/into_the_nordic_silence_sff20_8_lowres_2.jpg\" alt=\"\" width=\"1200\" height=\"800\" \/><\/p>\n<p><strong>POD 2<br \/>\n<\/strong>Douillet <a href=\"https:\/\/intoconcept.com\/fr\/produit\/salle-de-conference-pod2\/\" target=\"_blank\" rel=\"noopener\">Notre salle de r\u00e9union POD 2<\/a> attirent les gens ann\u00e9e apr\u00e8s ann\u00e9e. <a href=\"https:\/\/intoconcept.com\/fr\/categorie-de-produits\/chambres-en-pods\/\" target=\"_blank\" rel=\"noopener\">Nos salles POD<\/a> sont particuli\u00e8rement appr\u00e9ci\u00e9s pour leur bonne acoustique et le silence de la ventilation. En particulier, l'espace des locaux et l'atmosph\u00e8re chaleureuse cr\u00e9\u00e9e par l'\u00e9clairage et l'ameublement con\u00e7us pour les locaux sont lou\u00e9s.<\/p>\n<p><img decoding=\"async\" class=\"alignnone size-full wp-image-9186\" src=\"\/wp-content\/uploads\/2020\/02\/into_the_nordic_silence_sff20_4.jpg\" alt=\"\" width=\"1200\" height=\"747\" \/><\/p>\n<p><strong>POINT CUP<br \/>\n<\/strong>Ceci pour nos clients <a href=\"https:\/\/intoconcept.com\/fr\/produit\/point-cup-group-workspace\/\" target=\"_blank\" rel=\"noopener\">produit pr\u00e9f\u00e9r\u00e9<\/a> rassemble les gens. Bien que le groupe de canap\u00e9s soit ouvert, son dossier haut et insonorisant rend l'environnement sonore plus homog\u00e8ne et silencieux, garantissant un espace plus calme pour le travail et les rencontres.<\/p>\n<p><img loading=\"lazy\" decoding=\"async\" class=\"size-full wp-image-9187 alignnone\" src=\"\/wp-content\/uploads\/2020\/02\/into_the_nordic_silence_sff20_9.jpg\" alt=\"\" width=\"1200\" height=\"747\" \/><\/p>\n<p><strong>POD PHONE &amp; POD PHONE SMALL<br \/>\n<\/strong>Notre cabine t\u00e9l\u00e9phonique, <a href=\"https:\/\/intoconcept.com\/fr\/produit\/cabine-telephonique\/\" target=\"_blank\" rel=\"noopener\">POD PHONE<\/a> et <a href=\"https:\/\/intoconcept.com\/fr\/produit\/pod-phone-petite-cabine-telephonique-integree\/\" target=\"_blank\" rel=\"noopener\">POD PHONE SMALL<\/a>, sont toujours des produits populaires.  Ils ont une bonne acoustique et offrent \u00e9galement une protection visuelle \u00e0 l'utilisateur.<\/p>\n<div><img loading=\"lazy\" decoding=\"async\" class=\"size-full wp-image-9188 alignnone\" src=\"\/wp-content\/uploads\/2020\/02\/into_the_nordic_silence_sff20_8.jpg\" alt=\"\" width=\"1200\" height=\"747\" \/><\/div>\n<div><\/div>\n<div><\/div>\n<div><\/div>\n<div><\/div>\n<div><\/div>\n<div><\/div>\n<div><\/div>\n<div><\/div>","protected":false},"excerpt":{"rendered":"<p>KIITOS TUKHOLMAN KALUSTEMESSUT 2020 Kiitos vierailustasi osastollamme! Olimme iloisia tavatessamme niin monia jo olemassa olevia asiakkaitamme sek\u00e4 mahdollisuudesta verkostoitua uusien tuttavuuksien kanssa. Messujen aikana lanseerasimme uuden tuotteemme, POD Paneelin, joka sai eritt\u00e4in hyv\u00e4\u00e4 palautetta. Erityisesti kiitosta saivat vaivaton kiinnitysmekanismi sek\u00e4 kauniit v\u00e4rivaihtoehdot, joiden ansiosta tuote on sopiva mihin tahansa tilaan. Lue lis\u00e4\u00e4 POD Paneelista Luonto [&hellip;]<\/p>\n","protected":false},"author":2,"featured_media":9179,"comment_status":"closed","ping_status":"closed","sticky":false,"template":"","format":"standard","meta":{"_acf_changed":false,"_improvement_type_select":"improve_an_existing","_thumb_yes_seoaic":false,"_frame_yes_seoaic":false,"seoaic_generate_description":"","seoaic_improve_instructions_prompt":"","seoaic_rollback_content_improvement":"","seoaic_idea_thumbnail_generator":"","thumbnail_generated":false,"thumbnail_generate_prompt":"","seoaic_article_description":"","seoaic_article_subtitles":[],"footnotes":""},"categories":[41],"tags":[],"class_list":["post-9183","post","type-post","status-publish","format-standard","has-post-thumbnail","hentry","category-tapahtumat"],"acf":[],"_links":{"self":[{"href":"https:\/\/intoconcept.com\/fr\/wp-json\/wp\/v2\/posts\/9183","targetHints":{"allow":["GET"]}}],"collection":[{"href":"https:\/\/intoconcept.com\/fr\/wp-json\/wp\/v2\/posts"}],"about":[{"href":"https:\/\/intoconcept.com\/fr\/wp-json\/wp\/v2\/types\/post"}],"author":[{"embeddable":true,"href":"https:\/\/intoconcept.com\/fr\/wp-json\/wp\/v2\/users\/2"}],"replies":[{"embeddable":true,"href":"https:\/\/intoconcept.com\/fr\/wp-json\/wp\/v2\/comments?post=9183"}],"version-history":[{"count":1,"href":"https:\/\/intoconcept.com\/fr\/wp-json\/wp\/v2\/posts\/9183\/revisions"}],"predecessor-version":[{"id":29203,"href":"https:\/\/intoconcept.com\/fr\/wp-json\/wp\/v2\/posts\/9183\/revisions\/29203"}],"wp:featuredmedia":[{"embeddable":true,"href":"https:\/\/intoconcept.com\/fr\/wp-json\/wp\/v2\/media\/9179"}],"wp:attachment":[{"href":"https:\/\/intoconcept.com\/fr\/wp-json\/wp\/v2\/media?parent=9183"}],"wp:term":[{"taxonomy":"category","embeddable":true,"href":"https:\/\/intoconcept.com\/fr\/wp-json\/wp\/v2\/categories?post=9183"},{"taxonomy":"post_tag","embeddable":true,"href":"https:\/\/intoconcept.com\/fr\/wp-json\/wp\/v2\/tags?post=9183"}],"curies":[{"name":"wp","href":"https:\/\/api.w.org\/{rel}","templated":true}]}}