{"id":30529,"date":"2026-01-23T12:55:31","date_gmt":"2026-01-23T12:55:31","guid":{"rendered":"https:\/\/intoconcept.com\/?p=30529"},"modified":"2026-04-29T08:28:25","modified_gmt":"2026-04-29T08:28:25","slug":"le-pod-room-migliorano-il-comfort-e-lefficienza-del-luogo-di-lavoro","status":"publish","type":"post","link":"https:\/\/intoconcept.com\/it\/pod-huoneet-parantavat-tyoympariston-viihtyvyytta-ja-tehokkuutta\/","title":{"rendered":"Le sale POD migliorano il comfort e l'efficienza dell'ambiente di lavoro"},"content":{"rendered":"<h2 data-pm-slice=\"1 1 []\"><strong>Miksi valita INTO Concept POD -huone?<\/strong><\/h2>\n<div style=\"width: 800px;\" class=\"wp-video\"><video class=\"wp-video-shortcode\" id=\"video-30529-1\" width=\"800\" height=\"500\" preload=\"metadata\" controls=\"controls\"><source type=\"video\/mp4\" src=\"https:\/\/intoconcept.com\/wp-content\/uploads\/2026\/01\/POD-mp4-refekuvilla.mp4?_=1\" \/><a href=\"https:\/\/intoconcept.com\/wp-content\/uploads\/2026\/01\/POD-mp4-refekuvilla.mp4\">https:\/\/intoconcept.com\/wp-content\/uploads\/2026\/01\/POD-mp4-refekuvilla.mp4<\/a><\/video><\/div>\n<p>&nbsp;<\/p>\n<p data-start=\"1003\" data-end=\"1278\"><strong data-start=\"1003\" data-end=\"1051\">Suunniteltu toimimaan osana ymp\u00e4r\u00f6iv\u00e4\u00e4 tilaa<\/strong><br data-start=\"1051\" data-end=\"1054\" \/>Ajaton ja harkittu muotoilu varmistaa, ett\u00e4 POD-tilat sulautuvat luontevasti erilaisiin toimistoymp\u00e4rist\u00f6ihin. Huolellisesti suunniteltu valaistus luo l\u00e4mpim\u00e4n ja kutsuvan tunnelman, joka tukee viihtyvyytt\u00e4 ja hyvinvointia.<strong><br \/>\n<\/strong><\/p>\n<p data-start=\"1280\" data-end=\"1572\"><strong data-start=\"1280\" data-end=\"1320\">A-luokan akustiikka tukee keskittymist\u00e4 ja yksityisyytt\u00e4<\/strong><br data-start=\"1320\" data-end=\"1323\" \/>POD-huoneet tarjoavat huippuluokan akustiikan vaativimpiinkin ty\u00f6ymp\u00e4rist\u00f6ihin. Ne on testattu ISO 23351-1 -standardin mukaisesti, ja ne t\u00e4ytt\u00e4v\u00e4t kyseisen standardin A-luokan akustiikkavaatimukset, mik\u00e4 edustaa korkeinta mahdollista tasoa \u00e4\u00e4nieristyksess\u00e4. V\u00e4h\u00e4isempi lasin k\u00e4ytt\u00f6 yhdistettyn\u00e4 pehme\u00e4\u00e4n sis\u00e4akustiikkaan parantaa visuaalista yksityisyytt\u00e4 ja akustista laatua entisest\u00e4\u00e4n. T\u00e4m\u00e4 tekee POD-tiloista erityisen sopivia luottamuksellisiin keskusteluihin, syv\u00e4\u00e4 keskittymist\u00e4 vaativaan ty\u00f6h\u00f6n ja videokokouksiin.<\/p>\n<p data-start=\"1574\" data-end=\"1834\"><strong data-start=\"1574\" data-end=\"1610\">Joustavuus suunnittelun ytimess\u00e4<\/strong><br data-start=\"1610\" data-end=\"1613\" \/>Kaikissa malleissa on integroidut py\u00f6r\u00e4t, jotka mahdollistavat POD-tilojen helpon siirt\u00e4misen tarpeiden muuttuessa. T\u00e4m\u00e4 tekee niist\u00e4 erityisen joustavan ratkaisun kehittyviin toimistoymp\u00e4rist\u00f6ihin ja kasvaville organisaatioille.<\/p>\n<p data-start=\"1836\" data-end=\"2072\"><strong data-start=\"1836\" data-end=\"1873\">Vastuulliset materiaalivalinnat ja pitk\u00e4 elinkaari<\/strong><br data-start=\"1873\" data-end=\"1876\" \/>INTO Conceptin POD -huoneet valmistetaan FSC-sertifioidusta puusta, ja kaikki osat ovat t\u00e4ysin kierr\u00e4tett\u00e4vi\u00e4. Kest\u00e4vyys on huomioitu sek\u00e4 materiaalivalinnoissa ett\u00e4 tuotteiden pitk\u00e4ss\u00e4 elinkaaressa.<\/p>\n<p data-start=\"2074\" data-end=\"2228\"><strong data-start=\"2074\" data-end=\"2108\">Akustinen ratkaisu avoimiin ty\u00f6ymp\u00e4rist\u00f6ihin<\/strong><br data-start=\"2108\" data-end=\"2111\" \/>Hyv\u00e4 \u00e4\u00e4nieristys varmistaa rauhallisen ty\u00f6ymp\u00e4rist\u00f6n paitsi POD -huoneen sis\u00e4ll\u00e4 my\u00f6s sit\u00e4 ymp\u00e4r\u00f6iviss\u00e4 ty\u00f6tiloissa.<\/p>\n<p data-start=\"2230\" data-end=\"2483\"><strong data-start=\"2230\" data-end=\"2260\">Helppo asennus ja yll\u00e4pito<\/strong><br data-start=\"2260\" data-end=\"2263\" \/>POD -huoneet voidaan asentaa nopeasti ilman muutoksia olemassa oleviin rakenteisiin tai seiniin. Ne voidaan sijoittaa vierekk\u00e4in tai sein\u00e4\u00e4 vasten ilman p\u00f6ly\u00e4 ker\u00e4\u00e4vi\u00e4 rakoja, mik\u00e4 tukee siisti\u00e4 ja tehokasta tilanhallintaa.<\/p>\n<p data-start=\"2485\" data-end=\"2738\"><strong data-start=\"2485\" data-end=\"2531\">Kustannustehokas vaihtoehto rakentamiselle<\/strong><br data-start=\"2531\" data-end=\"2534\" \/>POD -huoneet tarjoavat perinteisiin v\u00e4lisein\u00e4ratkaisuihin verrattuna joustavan ja kustannustehokkaan ratkaisun muuttuviin ty\u00f6ymp\u00e4rist\u00f6ihin.<\/p>\n<p data-start=\"2740\" data-end=\"2926\"><strong data-start=\"2740\" data-end=\"2775\">Laaja ja monipuolinen valikoima<\/strong><br data-start=\"2775\" data-end=\"2778\" \/>Kymmenen erilaisen POD -huoneen valikoima tarjoaa ratkaisuja kaikkeen nopeista puheluista pidempiin kokouksiin ja keskittymist\u00e4 vaativaan yksil\u00f6ty\u00f6h\u00f6n.<\/p>\n<div class=\"flex flex-col text-sm pb-25\">\n<article class=\"text-token-text-primary w-full focus:outline-none [--shadow-height:45px] has-data-writing-block:pointer-events-none has-data-writing-block:-mt-(--shadow-height) has-data-writing-block:pt-(--shadow-height) [&amp;:has([data-writing-block])&gt;*]:pointer-events-auto scroll-mt-[calc(var(--header-height)+min(200px,max(70px,20svh)))]\" dir=\"auto\" tabindex=\"-1\" data-turn-id=\"request-WEB:496574c4-7b0b-4056-8546-5b262cc240a9-1\" data-testid=\"conversation-turn-4\" data-scroll-anchor=\"true\" data-turn=\"assistant\">\n<div class=\"text-base my-auto mx-auto pb-10 [--thread-content-margin:--spacing(4)] @w-sm\/main:[--thread-content-margin:--spacing(6)] @w-lg\/main:[--thread-content-margin:--spacing(16)] px-(--thread-content-margin)\">\n<div class=\"[--thread-content-max-width:40rem] @w-lg\/main:[--thread-content-max-width:48rem] mx-auto max-w-(--thread-content-max-width) flex-1 group\/turn-messages focus-visible:outline-hidden relative flex w-full min-w-0 flex-col agent-turn\" tabindex=\"-1\">\n<div class=\"mt-3 w-full empty:hidden\">\n<div class=\"text-center\"><a href=\"https:\/\/intoconcept.com\/fi\/product-category\/pod-huoneet\/\">Tutustu POD -huoneisiin<\/a><\/div>\n<div><\/div>\n<div class=\"text-center\"><a href=\"https:\/\/intoconcept.com\/fi\/yhteystiedot\/\">Ota yhteytt\u00e4 asiantuntijoihimme<\/a><\/div>\n<\/div>\n<\/div>\n<\/div>\n<\/article>\n<\/div>\n<div class=\"pointer-events-none h-px w-px absolute bottom-0\" aria-hidden=\"true\" data-edge=\"true\">\n<p><a href=\"https:\/\/intoconcept.com\/fi\/referenssit\/\">Katso referenssit<\/a><\/p>\n<p><img fetchpriority=\"high\" decoding=\"async\" class=\"alignnone size-large wp-image-30532\" src=\"https:\/\/intoconcept.com\/wp-content\/uploads\/2026\/01\/logot-paivitetty-25-1.jpg-1536x1086-1-1024x724.webp\" alt=\"\" width=\"800\" height=\"566\" srcset=\"https:\/\/intoconcept.com\/wp-content\/uploads\/2026\/01\/logot-paivitetty-25-1.jpg-1536x1086-1-1024x724.webp 1024w, https:\/\/intoconcept.com\/wp-content\/uploads\/2026\/01\/logot-paivitetty-25-1.jpg-1536x1086-1-300x212.webp 300w, https:\/\/intoconcept.com\/wp-content\/uploads\/2026\/01\/logot-paivitetty-25-1.jpg-1536x1086-1-768x543.webp 768w, https:\/\/intoconcept.com\/wp-content\/uploads\/2026\/01\/logot-paivitetty-25-1.jpg-1536x1086-1-18x12.webp 18w, https:\/\/intoconcept.com\/wp-content\/uploads\/2026\/01\/logot-paivitetty-25-1.jpg-1536x1086-1.webp 1536w\" sizes=\"(max-width: 800px) 100vw, 800px\" \/><\/p>\n<\/div>\n","protected":false},"excerpt":{"rendered":"<p>Miksi valita INTO Concept POD -huone? &nbsp; Suunniteltu toimimaan osana ymp\u00e4r\u00f6iv\u00e4\u00e4 tilaaAjaton ja harkittu muotoilu varmistaa, ett\u00e4 POD-tilat sulautuvat luontevasti erilaisiin toimistoymp\u00e4rist\u00f6ihin. Huolellisesti suunniteltu valaistus luo l\u00e4mpim\u00e4n ja kutsuvan tunnelman, joka tukee viihtyvyytt\u00e4 ja hyvinvointia. A-luokan akustiikka tukee keskittymist\u00e4 ja yksityisyytt\u00e4POD-huoneet tarjoavat huippuluokan akustiikan vaativimpiinkin ty\u00f6ymp\u00e4rist\u00f6ihin. Ne on testattu ISO 23351-1 -standardin mukaisesti, ja ne [&hellip;]<\/p>\n","protected":false},"author":5,"featured_media":30531,"comment_status":"closed","ping_status":"closed","sticky":false,"template":"","format":"standard","meta":{"_acf_changed":false,"_improvement_type_select":"improve_an_existing","_thumb_yes_seoaic":false,"_frame_yes_seoaic":false,"seoaic_generate_description":"","seoaic_improve_instructions_prompt":"","seoaic_rollback_content_improvement":"","seoaic_idea_thumbnail_generator":"","thumbnail_generated":false,"thumbnail_generate_prompt":"","seoaic_article_description":"","seoaic_article_subtitles":[],"footnotes":""},"categories":[38],"tags":[],"class_list":["post-30529","post","type-post","status-publish","format-standard","has-post-thumbnail","hentry","category-artikkelit"],"acf":[],"_links":{"self":[{"href":"https:\/\/intoconcept.com\/it\/wp-json\/wp\/v2\/posts\/30529","targetHints":{"allow":["GET"]}}],"collection":[{"href":"https:\/\/intoconcept.com\/it\/wp-json\/wp\/v2\/posts"}],"about":[{"href":"https:\/\/intoconcept.com\/it\/wp-json\/wp\/v2\/types\/post"}],"author":[{"embeddable":true,"href":"https:\/\/intoconcept.com\/it\/wp-json\/wp\/v2\/users\/5"}],"replies":[{"embeddable":true,"href":"https:\/\/intoconcept.com\/it\/wp-json\/wp\/v2\/comments?post=30529"}],"version-history":[{"count":11,"href":"https:\/\/intoconcept.com\/it\/wp-json\/wp\/v2\/posts\/30529\/revisions"}],"predecessor-version":[{"id":32776,"href":"https:\/\/intoconcept.com\/it\/wp-json\/wp\/v2\/posts\/30529\/revisions\/32776"}],"wp:featuredmedia":[{"embeddable":true,"href":"https:\/\/intoconcept.com\/it\/wp-json\/wp\/v2\/media\/30531"}],"wp:attachment":[{"href":"https:\/\/intoconcept.com\/it\/wp-json\/wp\/v2\/media?parent=30529"}],"wp:term":[{"taxonomy":"category","embeddable":true,"href":"https:\/\/intoconcept.com\/it\/wp-json\/wp\/v2\/categories?post=30529"},{"taxonomy":"post_tag","embeddable":true,"href":"https:\/\/intoconcept.com\/it\/wp-json\/wp\/v2\/tags?post=30529"}],"curies":[{"name":"wp","href":"https:\/\/api.w.org\/{rel}","templated":true}]}}