{"id":20600,"date":"2025-05-07T09:00:00","date_gmt":"2025-05-07T09:00:00","guid":{"rendered":"https:\/\/intoconcept.com\/?p=20600"},"modified":"2025-05-07T09:00:00","modified_gmt":"2025-05-07T09:00:00","slug":"sa-valjer-du-ratt-poddlosning-for-ditt-kontor","status":"publish","type":"post","link":"https:\/\/intoconcept.com\/sv\/kuinka-valita-oikea-pod-ratkaisu-toimistoon\/","title":{"rendered":"Hur v\u00e4ljer jag r\u00e4tt POD-l\u00f6sning f\u00f6r ditt kontor?"},"content":{"rendered":"<p>N\u00e4r man v\u00e4ljer en l\u00f6sning f\u00f6r kontorsutrymme och integritet \u00e4r det viktigt att ta h\u00e4nsyn till kraven p\u00e5 arbetsmilj\u00f6n, personalens behov och det tillg\u00e4ngliga utrymmet. N\u00e4r man v\u00e4ljer den perfekta arbetsmilj\u00f6l\u00f6sningen m\u00e5ste man ta h\u00e4nsyn till akustik, m\u00f6bler, ergonomi och den avsedda anv\u00e4ndningen. Moderna kontorsl\u00f6sningar st\u00f6der olika arbetss\u00e4tt, f\u00f6rb\u00e4ttrar ljudisoleringen och m\u00f6jligg\u00f6r b\u00e5de individuellt arbete som kr\u00e4ver koncentration och s\u00f6ml\u00f6st teamarbete i samma utrymme.<\/p>\n<h2>Vad \u00e4r POD-l\u00f6sningar och varf\u00f6r beh\u00f6vs de p\u00e5 det moderna kontoret?<\/h2>\n<p><a href=\"https:\/\/intoconcept.com\/sv\/produktkategori\/podrum\/\">POD-l\u00f6sningar<\/a> \u00e4r modul\u00e4ra, ljudisolerade utrymmen som ger avskildhet och lugn i arbetsmilj\u00f6er med \u00f6ppna planl\u00f6sningar. Dessa l\u00f6sningar finns i olika storlekar, fr\u00e5n telefonb\u00e5s till m\u00f6tesrum f\u00f6r flera personer. POD-l\u00f6sningar \u00e4r frist\u00e5ende enheter som kan installeras utan strukturella \u00e4ndringar och flyttas fr\u00e5n en plats till en annan vid behov.<\/p>\n<p>I \u00f6ppna kontorslandskap sprids ljud l\u00e4tt, vilket kan st\u00f6ra koncentrationen och p\u00e5verka medarbetarnas v\u00e4lbefinnande. Studier visar att det tar cirka 23 minuter f\u00f6r en medarbetare att komma tillbaka till sin ursprungliga arbetsplats efter ett avbrott. POD-l\u00f6sningar hanterar denna utmaning genom att erbjuda tysta arbetsmilj\u00f6er.<\/p>\n<p>I dagens arbetsmilj\u00f6 beh\u00f6vs en m\u00e4ngd olika utrymmen f\u00f6r att tillgodose olika behov: tysta retreater f\u00f6r uppgifter som kr\u00e4ver koncentration, m\u00f6tesrum f\u00f6r teamarbete och konferensrum f\u00f6r enskilda samtal. POD-rummen ger flexibilitet till sm\u00e5 och stora kontor och \u00e4r l\u00e4mpliga f\u00f6r b\u00e5de l\u00e5ngvarigt arbete och kortvariga m\u00f6ten.<\/p>\n<h2>Hur v\u00e4ljer jag r\u00e4tt storlek p\u00e5 POD-l\u00f6sningen f\u00f6r dina kontorsbehov?<\/h2>\n<p>Valet av r\u00e4tt storlek p\u00e5 POD-l\u00f6sningen baseras p\u00e5 den avsedda anv\u00e4ndningen, antalet anv\u00e4ndare och det tillg\u00e4ngliga utrymmet. Enstaka POD:ar \u00e4r kompakta l\u00f6sningar f\u00f6r privata samtal och videokonferenser och tar bara upp cirka 1-2 kvadratmeter golvyta. De \u00e4r idealiska f\u00f6r lokaler d\u00e4r utrymmet \u00e4r begr\u00e4nsat.<\/p>\n<p>POD:s f\u00f6r tv\u00e5 personer erbjuder tillr\u00e4ckligt med utrymme f\u00f6r enskilda m\u00f6ten eller individuellt arbete som kr\u00e4ver koncentration. Storleken varierar vanligtvis mellan 2 och 4 kvadratmeter. St\u00f6rre POD-l\u00f6sningar f\u00f6r 4-8 personer \u00e4r idealiska f\u00f6r teamarbete och m\u00f6ten och kr\u00e4ver naturligtvis mer utrymme, cirka 5-15 kvadratmeter.<\/p>\n<p>I den \u00f6vergripande utformningen av ett kontorsutrymme b\u00f6r utformningen av POD-rummen noga \u00f6verv\u00e4gas. <strong>Den optimala placeringen \u00e4r ofta n\u00e4ra arbetsstationer<\/strong>, men tillr\u00e4ckligt \u00e5tskilda s\u00e5 att in- och utpassering till POD:ar inte st\u00f6r andra arbetstagare. Flera POD-rum kan ocks\u00e5 placeras sida vid sida f\u00f6r att bilda \u00f6ar, som ocks\u00e5 fungerar som skiljev\u00e4ggar i det \u00f6ppna utrymmet.<\/p>\n<h2>Vilka \u00e4r de viktigaste faktorerna f\u00f6r akustiken i en POD-l\u00f6sning?<\/h2>\n<p>Akustiken \u00e4r en av de viktigaste faktorerna n\u00e4r man v\u00e4ljer POD-l\u00f6sningar. <strong>God ljudisolering s\u00e4kerst\u00e4ller att samtal i POD inte st\u00f6r de som arbetar utanf\u00f6r, och att externt ljud inte st\u00f6r de som arbetar i POD.<\/strong>. H\u00f6gkvalitativa POD-l\u00f6sningar faller under SFS 5904 kvalitetsklass A, med ett tal\u00f6verf\u00f6ringsindex (STI) uppm\u00e4tt mellan 0,10 och 0,15, vilket s\u00e4kerst\u00e4ller tillr\u00e4cklig integritet.<\/p>\n<p>Valet av material har en betydande inverkan p\u00e5 akustiken i POD-utrymmet. H\u00f6gkvalitativa ljudabsorberande material i v\u00e4ggar och tak f\u00f6rhindrar eko och f\u00f6rb\u00e4ttrar taluppfattbarheten i rummet. Akustiken i det inre utrymmet p\u00e5verkas ocks\u00e5 av antalet glasytor och deras placering - ju f\u00e4rre h\u00e5rda ytor, desto b\u00e4ttre ljudmilj\u00f6.<\/p>\n<p>I en akustiskt funktionell POD-l\u00f6sning \u00e4r ventilationen utformad p\u00e5 ett s\u00e5dant s\u00e4tt att den inte skapar st\u00f6rande bakgrundsljud. Tack vare den goda akustiken \u00e4r det bekv\u00e4mt att arbeta i en POD under l\u00e5nga tidsperioder, vilket fr\u00e4mjar koncentration och effektivt arbete.<\/p>\n<h2>Hur ska POD-l\u00f6sningar inredas f\u00f6r olika anv\u00e4ndningsomr\u00e5den?<\/h2>\n<p>M\u00f6bleringen av POD-l\u00f6sningar avg\u00f6rs av deras avsedda anv\u00e4ndning. F\u00f6r POD:er f\u00f6r en person som \u00e4r utformade f\u00f6r koncentrerat arbete \u00e4r en ergonomisk stol och ett justerbart skrivbord som m\u00f6jligg\u00f6r b\u00e5de sittande och st\u00e5ende arbete en effektiv l\u00f6sning. Detta g\u00f6r det m\u00f6jligt f\u00f6r arbetstagaren att variera sin arbetsst\u00e4llning under hela dagen.<\/p>\n<p>POD:ar \u00e4r m\u00f6tesrum som kr\u00e4ver ett tillr\u00e4ckligt stort bord och bekv\u00e4ma sittplatser f\u00f6r alla deltagare. <strong>Ergonomiska sittplatser \u00e4r viktiga vid l\u00e4ngre f\u00f6rhandlingar<\/strong>, och bordets storlek b\u00f6r st\u00e5 i proportion till rummets storlek och antalet anv\u00e4ndare.<\/p>\n<p>Integreringen av tekniska l\u00f6sningar \u00e4r en viktig del av inredningen i POD:er. Det handlar bland annat om sk\u00e4rmar f\u00f6r videokonferenser, tillr\u00e4ckligt med eluttag f\u00f6r laddning av enheter och belysningsl\u00f6sningar f\u00f6r att st\u00f6dja olika arbetssituationer. N\u00e4r du v\u00e4ljer m\u00f6bler \u00e4r det b\u00e4st att v\u00e4lja h\u00e5llbara och tidl\u00f6sa l\u00f6sningar som kommer att tj\u00e4na anv\u00e4ndarna i m\u00e5nga \u00e5r fram\u00f6ver.<\/p>\n<h2>Hur kompletterar rumsavdelare POD-l\u00f6sningar p\u00e5 kontoret?<\/h2>\n<p>Skiljev\u00e4ggar \u00e4r en viktig del av den \u00f6vergripande kontorsdesignen, eftersom de skapar visuell och akustisk avsk\u00e4rmning i \u00f6ppna utrymmen. Tillsammans med POD-l\u00f6sningar bidrar de till att strukturera utrymmet och skapa olika arbetsmilj\u00f6er i samma \u00f6ppna utrymme.<\/p>\n<p>Olika typer av skiljev\u00e4ggar inkluderar flyttbara bafflar, fasta skiljev\u00e4ggar och h\u00f6gakustiska element. <strong>Rumsavdelare kan anv\u00e4ndas f\u00f6r att skapa halvoffentliga arbetsomr\u00e5den<\/strong>, som erbjuder mer avskildhet \u00e4n en \u00f6ppen arbetsyta, men som inte kr\u00e4ver ett helt slutet utrymme.<\/p>\n<p>Kombinationen av POD-l\u00f6sningar och rumsavdelare kan skapa en funktionell helhet med b\u00e5de helt privata utrymmen (POD-rum) och halvoffentliga omr\u00e5den genom rumsavdelare. P\u00e5 s\u00e5 s\u00e4tt st\u00f6der arbetsmilj\u00f6n b\u00e5de individuellt arbete som kr\u00e4ver koncentration och grupparbete som kr\u00e4ver interaktion. Denna kontorsmodell med flera utrymmen har visat sig vara en effektiv l\u00f6sning f\u00f6r moderna arbetsmilj\u00f6er.<\/p>\n<h2>Hur p\u00e5verkar POD-l\u00f6sningar medarbetarnas v\u00e4lbefinnande och produktivitet?<\/h2>\n<p>Forskning visar att kvaliteten p\u00e5 arbetsmilj\u00f6n har en betydande inverkan p\u00e5 medarbetarnas v\u00e4lbefinnande och produktivitet. PODs minskar den stress som orsakas av avbrott genom att erbjuda lugna arbetsmilj\u00f6er d\u00e4r medarbetarna kan fokusera p\u00e5 kr\u00e4vande arbetsuppgifter utan att bli distraherade.<\/p>\n<p>Kognitivt kr\u00e4vande uppgifter som analytiskt t\u00e4nkande, kreativ design och komplex probleml\u00f6sning gynnas s\u00e4rskilt av tysta arbetsytor. <strong>POD-l\u00f6sningar m\u00f6jligg\u00f6r djup koncentration, vilket p\u00e5skyndar utf\u00f6randet av uppgifter och f\u00f6rb\u00e4ttrar kvaliteten p\u00e5 arbetet.<\/strong><\/p>\n<p>M\u00f6jligheten att v\u00e4lja r\u00e4tt arbetsyta f\u00f6r jobbet \u00e4r en av h\u00f6rnstenarna i en modern arbetsmilj\u00f6. N\u00e4r medarbetarna kan v\u00e4lja arbetsstation efter uppgiftens art k\u00e4nner de sig mer kontrollerade \u00f6ver sitt eget arbete, vilket \u00f6kar arbetstillfredsst\u00e4llelsen och engagemanget. POD-l\u00f6sningar ut\u00f6kar utbudet av utrymmesalternativ p\u00e5 kontoret och \u00f6kar flexibiliteten i arbetet.<\/p>\n<h2>Att v\u00e4lja POD-l\u00f6sningar f\u00f6r ditt kontor: en experts helhetsperspektiv<\/h2>\n<p>Det finns flera faktorer att ta h\u00e4nsyn till n\u00e4r man v\u00e4ljer POD-l\u00f6sningar: utrymmesbehov, akustik, ergonomi och visuellt utseende. Under designfasen \u00e4r det v\u00e4rt att noggrant identifiera vilka typer av anv\u00e4ndningsomr\u00e5den som utrymmet beh\u00f6vs f\u00f6r och hur m\u00e5nga olika typer av l\u00f6sningar som kr\u00e4vs p\u00e5 kontoret.<\/p>\n<p>I upphandlingsprocessen \u00e4r det viktigt att se till att POD-l\u00f6sningarna uppfyller tekniska kvalitetskrav som ljudisolering och ventilation. Genom att v\u00e4lja en p\u00e5litlig leverant\u00f6r s\u00e4kerst\u00e4ller man att l\u00f6sningarna \u00e4r h\u00e5llbara och s\u00e4kra. <strong>H\u00f6gkvalitativa POD:s kan ocks\u00e5 demonteras och \u00e5termonteras upp till tio g\u00e5nger<\/strong>, vilket g\u00f6r dem till ett utm\u00e4rkt alternativ f\u00f6r f\u00f6r\u00e4ndrade utrymmesbehov.<\/p>\n<p>INTO Concept erbjuder ett brett sortiment av POD:s i olika storlekar och f\u00f6r olika \u00e4ndam\u00e5l. Med v\u00e5r expertis ser vi till att dina POD-l\u00f6sningar p\u00e5 kontoret passar s\u00f6ml\u00f6st in i en holistisk arbetsmilj\u00f6 som st\u00f6der b\u00e5de individuellt arbete och grupparbete.<\/p>\n<p>L\u00e4s mer <a href=\"https:\/\/intoconcept.com\/sv\/referenser\/\">v\u00e5ra referenser<\/a> och inspireras av f\u00e4rdiga projekt \u2013 <a href=\"https:\/\/intoconcept.com\/sv\/kontaktuppgifter\/\">ta kontakt<\/a>, kommer vi att arbeta tillsammans f\u00f6r att hitta den l\u00f6sning som passar dig b\u00e4st!<\/p>","protected":false},"excerpt":{"rendered":"<p>Toimiston tila- ja yksityisyysratkaisua valitessa on t\u00e4rke\u00e4\u00e4 huomioida ty\u00f6ymp\u00e4rist\u00f6n vaatimukset, henkil\u00f6st\u00f6n tarpeet sek\u00e4 k\u00e4ytett\u00e4viss\u00e4 oleva tila. Ihanteellisen ty\u00f6ymp\u00e4rist\u00f6ratkaisun valinnassa tulee ottaa huomioon akustiikka, kalusteet, ergonomia sek\u00e4 k\u00e4ytt\u00f6tarkoitus. Modernit toimistoratkaisut tukevat erilaisia ty\u00f6skentelytapoja, parantavat \u00e4\u00e4nieristyst\u00e4 ja mahdollistavat sek\u00e4 keskittymist\u00e4 vaativan yksil\u00f6ty\u00f6n ett\u00e4 saumattoman ryhm\u00e4ty\u00f6skentelyn samassa tilassa. Mit\u00e4 POD-ratkaisut ovat ja miksi niit\u00e4 tarvitaan nykyaikaisessa toimistossa? POD-ratkaisut [&hellip;]<\/p>\n","protected":false},"author":4,"featured_media":19597,"comment_status":"closed","ping_status":"closed","sticky":false,"template":"","format":"standard","meta":{"_acf_changed":false,"_improvement_type_select":"improve_an_existing","_thumb_yes_seoaic":false,"_frame_yes_seoaic":false,"seoaic_generate_description":"","seoaic_improve_instructions_prompt":"","seoaic_rollback_content_improvement":"","seoaic_idea_thumbnail_generator":"","thumbnail_generated":false,"thumbnail_generate_prompt":"","seoaic_article_description":"","seoaic_article_subtitles":[],"footnotes":""},"categories":[51],"tags":[],"class_list":["post-20600","post","type-post","status-publish","format-standard","has-post-thumbnail","hentry","category-yleinen-fi"],"acf":[],"_links":{"self":[{"href":"https:\/\/intoconcept.com\/sv\/wp-json\/wp\/v2\/posts\/20600","targetHints":{"allow":["GET"]}}],"collection":[{"href":"https:\/\/intoconcept.com\/sv\/wp-json\/wp\/v2\/posts"}],"about":[{"href":"https:\/\/intoconcept.com\/sv\/wp-json\/wp\/v2\/types\/post"}],"author":[{"embeddable":true,"href":"https:\/\/intoconcept.com\/sv\/wp-json\/wp\/v2\/users\/4"}],"replies":[{"embeddable":true,"href":"https:\/\/intoconcept.com\/sv\/wp-json\/wp\/v2\/comments?post=20600"}],"version-history":[{"count":0,"href":"https:\/\/intoconcept.com\/sv\/wp-json\/wp\/v2\/posts\/20600\/revisions"}],"wp:featuredmedia":[{"embeddable":true,"href":"https:\/\/intoconcept.com\/sv\/wp-json\/wp\/v2\/media\/19597"}],"wp:attachment":[{"href":"https:\/\/intoconcept.com\/sv\/wp-json\/wp\/v2\/media?parent=20600"}],"wp:term":[{"taxonomy":"category","embeddable":true,"href":"https:\/\/intoconcept.com\/sv\/wp-json\/wp\/v2\/categories?post=20600"},{"taxonomy":"post_tag","embeddable":true,"href":"https:\/\/intoconcept.com\/sv\/wp-json\/wp\/v2\/tags?post=20600"}],"curies":[{"name":"wp","href":"https:\/\/api.w.org\/{rel}","templated":true}]}}