{"id":22379,"date":"2025-09-12T08:18:32","date_gmt":"2025-09-12T05:18:32","guid":{"rendered":"https:\/\/intoconcept.com\/?p=22379"},"modified":"2025-09-12T08:18:32","modified_gmt":"2025-09-12T05:18:32","slug":"forvaringslosningar-for-kontor-i-sma-utrymmen","status":"publish","type":"post","link":"https:\/\/intoconcept.com\/sv\/toimiston-sailytysratkaisut-pieneen-tilaan\/","title":{"rendered":"F\u00f6rvaringsl\u00f6sningar f\u00f6r kontor i sm\u00e5 utrymmen"},"content":{"rendered":"<p>F\u00f6rvaringsl\u00f6sningar f\u00f6r sm\u00e5 kontor \u00e4r nyckeln till effektiv anv\u00e4ndning av utrymme och organisation. Smarta f\u00f6rvaringsl\u00f6sningar, t.ex. modulsystem och multifunktionella l\u00f6sningar, maximerar anv\u00e4ndningen av begr\u00e4nsat utrymme. R\u00e4tt f\u00f6rvaringsl\u00f6sningar f\u00f6rb\u00e4ttrar funktionaliteten i arbetsmilj\u00f6n och skapar en bekv\u00e4mare arbetsplats, d\u00e4r allt du beh\u00f6ver l\u00e4tt kan hittas p\u00e5 sin plats.<\/p>\n<h2>Varf\u00f6r beh\u00f6ver sm\u00e5 kontorsutrymmen smarta f\u00f6rvaringsl\u00f6sningar?<\/h2>\n<p>Sm\u00e5 kontorslokaler st\u00e5r inf\u00f6r unika utmaningar d\u00e4r varje kvadratmeter \u00e4r v\u00e4rdefull. <strong>Smarta f\u00f6rvaringsl\u00f6sningar<\/strong> f\u00f6rvandla ett tr\u00e5ngt och r\u00f6rigt arbetsutrymme till en organiserad och funktionell milj\u00f6. N\u00e4r utrymmet \u00e4r begr\u00e4nsat kan anv\u00e4ndningen av standardf\u00f6rvaringsm\u00f6bler leda till \u00f6verbel\u00e4ggning och ineffektivitet.<\/p>\n<p>Utg\u00e5ngspunkten f\u00f6r att inreda ett kontor i ett litet utrymme \u00e4r att utnyttja dess flerdimensionalitet. V\u00e4ggytor, h\u00f6rn och h\u00f6jd kan anv\u00e4ndas f\u00f6r att skapa f\u00f6rvaringsutrymme utan att st\u00f6ra arbetsfl\u00f6det. R\u00e4tt l\u00f6sningar kan g\u00f6ra utrymmet visuellt rymligare och g\u00f6ra de dagliga rutinerna mycket enklare.<\/p>\n<p>F\u00f6rvaringsl\u00f6sningar har en direkt inverkan p\u00e5 v\u00e4lbefinnande och produktivitet. N\u00e4r verktyg, dokument och f\u00f6rbrukningsmaterial f\u00f6rvaras p\u00e5 ett organiserat s\u00e4tt kan medarbetarna fokusera p\u00e5 det som \u00e4r viktigt utan distraktioner. <a href=\"https:\/\/intoconcept.com\/sv\/tuotteet\/\">Uppt\u00e4ck INTO:s breda utbud av produkter<\/a> och hitta de b\u00e4sta f\u00f6rvaringsl\u00f6sningarna f\u00f6r ditt kontor.<\/p>\n<h2>Vilka \u00e4r de b\u00e4sta f\u00f6rvaringsl\u00f6sningarna f\u00f6r ett litet kontor?<\/h2>\n<p>De b\u00e4sta f\u00f6rvaringsm\u00f6blerna f\u00f6r ett litet kontor kombinerar <strong>multifunktionalitet och effektiv anv\u00e4ndning av utrymme<\/strong>. Modul\u00e4ra f\u00f6rvaringssystem, v\u00e4ggmonterade l\u00f6sningar och multifunktionella m\u00f6bler erbjuder flexibilitet och anpassningsf\u00f6rm\u00e5ga till f\u00f6r\u00e4ndrade behov. Dessa l\u00f6sningar anpassar sig till utrymmets form och ger optimal f\u00f6rvaringskapacitet.<\/p>\n<p>V\u00e4ggmonterade f\u00f6rvaringsl\u00f6sningar frig\u00f6r golvyta och utnyttjar vertikaliteten p\u00e5 ett effektivt s\u00e4tt. Hyllsystem, sk\u00e5p och f\u00f6rvaringskorgar kan v\u00e4ggmonteras f\u00f6r att skapa gott om f\u00f6rvaringsutrymme utan att st\u00f6ra r\u00f6relsen. Multifunktionella m\u00f6bler, som f\u00f6rvaringsbord och sittm\u00f6bler, kan anv\u00e4ndas f\u00f6r flera \u00e4ndam\u00e5l samtidigt.<\/p>\n<p>Modul\u00e4ra system g\u00f6r att f\u00f6rvaringsl\u00f6sningarna kan ut\u00f6kas och anpassas efter dina behov. Dessa system v\u00e4xer med din verksamhet och anpassar sig till f\u00f6r\u00e4ndrade krav. Praktiska tips f\u00f6r valet: M\u00e4t upp utrymmet noggrant, planera dina behov i f\u00f6rv\u00e4g och v\u00e4lj h\u00e5llbara material som t\u00e5l daglig anv\u00e4ndning.<\/p>\n<table>\n<tbody>\n<tr>\n<th>F\u00f6rvaringsl\u00f6sning<\/th>\n<th>F\u00f6rdelar<\/th>\n<th>Syfte<\/th>\n<\/tr>\n<tr>\n<td>Modul\u00e4ra system<\/td>\n<td>Flexibilitet, skalbarhet<\/td>\n<td>Dokument, kontorsmaterial<\/td>\n<\/tr>\n<tr>\n<td>V\u00e4ggf\u00e4sten<\/td>\n<td>Utrymmesbesparing, vertikalitet<\/td>\n<td>Arkiv, mindre frekvent anv\u00e4nda varor<\/td>\n<\/tr>\n<tr>\n<td>M\u00f6bler f\u00f6r flera \u00e4ndam\u00e5l<\/td>\n<td>Utrymmeseffektivitet, funktionalitet<\/td>\n<td>Utrustning f\u00f6r dagligt arbete, tillf\u00e4llig f\u00f6rvaring<\/td>\n<\/tr>\n<\/tbody>\n<\/table>\n<h2>Hur kan man organisera ett litet kontorsutrymme effektivt med hj\u00e4lp av f\u00f6rvaringsl\u00f6sningar?<\/h2>\n<p>Effektiv organisation av sm\u00e5 kontorsutrymmen inleds <strong>noggrann planering och prioritering<\/strong>. Identifiera f\u00f6rst de f\u00f6rem\u00e5l som du anv\u00e4nder oftast och placera dem p\u00e5 l\u00e4ttillg\u00e4ngliga platser. F\u00f6rem\u00e5l som anv\u00e4nds mindre ofta kan placeras h\u00f6gre upp eller p\u00e5 mindre l\u00e4ttillg\u00e4ngliga platser.<\/p>\n<p>Att utnyttja vertikaliteten \u00e4r nyckeln i ett litet utrymme. Anv\u00e4nd v\u00e4ggutrymmet f\u00f6r maximal f\u00f6rvaringskapacitet. F\u00f6rvaringssystem fr\u00e5n golv till tak ger gott om utrymme utan att st\u00f6ra arbetsomr\u00e5det. Ergonomi \u00e4r viktigt, s\u00e5 placera de f\u00f6rem\u00e5l som du anv\u00e4nder varje dag inom r\u00e4ckh\u00e5ll.<\/p>\n<p>Principer f\u00f6r att inreda ett kontor i ett litet utrymme:<\/p>\n<ul>\n<li>Utnyttja h\u00f6rn och oanv\u00e4nda utrymmen p\u00e5 b\u00e4sta s\u00e4tt<\/li>\n<li>V\u00e4lj m\u00f6bler som har mer \u00e4n ett anv\u00e4ndningsomr\u00e5de<\/li>\n<li>H\u00e5ll korridorer och tilltr\u00e4desv\u00e4gar fria<\/li>\n<li>Anv\u00e4nd ett konsekvent f\u00e4rgschema f\u00f6r att skapa en k\u00e4nsla av rymd i rummet<\/li>\n<li>Placera f\u00f6rvaringsl\u00f6sningar f\u00f6r att st\u00f6dja arbetsfl\u00f6det<\/li>\n<\/ul>\n<p>Att implementera framg\u00e5ngsrika f\u00f6rvaringsl\u00f6sningar kr\u00e4ver ett holistiskt syns\u00e4tt. Varje element m\u00e5ste utformas i f\u00f6rh\u00e5llande till de andra m\u00f6blerna och den avsedda anv\u00e4ndningen av utrymmet. Regelbunden organisering och borttagning av on\u00f6diga f\u00f6rem\u00e5l g\u00f6r att utrymmet f\u00f6rblir funktionellt och bekv\u00e4mt.<\/p>\n<h2>Nycklar till framg\u00e5ngsrika f\u00f6rvaringsl\u00f6sningar<\/h2>\n<p>Framg\u00e5ngsrika f\u00f6rvaringsl\u00f6sningar f\u00f6r ett litet kontor baserat p\u00e5 <strong>smart design och att v\u00e4lja r\u00e4tt m\u00f6bler<\/strong>. De viktigaste l\u00e4rdomarna \u00e4r anv\u00e4ndningen av vertikalitet, anv\u00e4ndningen av multifunktionella m\u00f6bler och flexibiliteten hos modul\u00e4ra system. Dessa element kombineras f\u00f6r att skapa en funktionell och bekv\u00e4m arbetsmilj\u00f6.<\/p>\n<p>H\u00e5llbarhet \u00e4r en allt viktigare aspekt n\u00e4r det g\u00e4ller kontorsm\u00f6bler. F\u00f6rvaringsl\u00f6sningar av h\u00f6g kvalitet och med l\u00e5ng livsl\u00e4ngd \u00e4r en investering som betalar sig sj\u00e4lv \u00f6ver tid. Ansvarsfulla produktionsmetoder och milj\u00f6v\u00e4nliga material st\u00f6der f\u00f6retagets v\u00e4rderingar och image.<\/p>\n<p>Experthj\u00e4lp med att utforma f\u00f6rvaringsl\u00f6sningar s\u00e4kerst\u00e4ller b\u00e4sta m\u00f6jliga resultat. <a href=\"https:\/\/intoconcept.com\/sv\/kontaktuppgifter\/\">Kontakta oss<\/a> f\u00f6r personlig r\u00e5dgivning om r\u00e4tt l\u00f6sningar f\u00f6r ditt utrymme. <a href=\"https:\/\/intoconcept.com\/sv\/tuotteet\/\">Se hela v\u00e5rt sortiment av produkter<\/a> och hitta de perfekta f\u00f6rvaringsl\u00f6sningarna f\u00f6r ditt kontor.<\/p>","protected":false},"excerpt":{"rendered":"<p>Pienen toimiston s\u00e4ilytysratkaisut ovat avain tehokkaaseen tilank\u00e4ytt\u00f6\u00f6n ja j\u00e4rjestykseen. \u00c4lykk\u00e4\u00e4t s\u00e4ilytyskalusteet, kuten modulaariset j\u00e4rjestelm\u00e4t ja monik\u00e4ytt\u00f6iset ratkaisut, maksimoidaan rajallisen tilan hy\u00f6dynt\u00e4misen. Oikeat s\u00e4ilytysratkaisut parantavat ty\u00f6ymp\u00e4rist\u00f6n toimivuutta ja luovat viihtyis\u00e4mm\u00e4n ty\u00f6tilan, jossa kaikki tarvittava l\u00f6ytyy helposti omalta paikaltaan. Pienet toimistotilat kohtaavat ainutlaatuisia haasteita, joissa jokainen neli\u00f6metri on arvokasta. \u00c4lykk\u00e4\u00e4t s\u00e4ilytysratkaisut muuttavat ahtaan ja sekavan ty\u00f6tilan j\u00e4rjest\u00e4ytyneeksi ja toimivaksi ymp\u00e4rist\u00f6ksi. Kun tila on rajallinen, tavallisten s\u00e4ilytyskalusteiden k\u00e4ytt\u00f6 voi johtaa tungokseen ja tehottomuuteen. Toimiston kalustamisen l\u00e4ht\u00f6kohtana pieness\u00e4 tilassa on moniulotteisuuden hy\u00f6dynt\u00e4minen. Sein\u00e4tilaa, nurkkia ja korkeutta k\u00e4ytt\u00e4m\u00e4ll\u00e4 voidaan luoda s\u00e4ilytystilaa h\u00e4iritsem\u00e4tt\u00e4 ty\u00f6nteon sujuvuutta. Oikeat ratkaisut tekev\u00e4t tilasta visuaalisesti avaramman ja helpottavat p\u00e4ivitt\u00e4isi\u00e4 ty\u00f6rutiineja merkitt\u00e4v\u00e4sti. [&hellip;]<\/p>\n","protected":false},"author":4,"featured_media":0,"comment_status":"closed","ping_status":"closed","sticky":false,"template":"","format":"standard","meta":{"_acf_changed":false,"_improvement_type_select":"improve_an_existing","_thumb_yes_seoaic":false,"_frame_yes_seoaic":false,"seoaic_generate_description":"","seoaic_improve_instructions_prompt":"","seoaic_rollback_content_improvement":"","seoaic_idea_thumbnail_generator":"","thumbnail_generated":false,"thumbnail_generate_prompt":"","seoaic_article_description":"","seoaic_article_subtitles":[],"footnotes":""},"categories":[51],"tags":[],"class_list":["post-22379","post","type-post","status-publish","format-standard","hentry","category-yleinen-fi"],"acf":[],"_links":{"self":[{"href":"https:\/\/intoconcept.com\/sv\/wp-json\/wp\/v2\/posts\/22379","targetHints":{"allow":["GET"]}}],"collection":[{"href":"https:\/\/intoconcept.com\/sv\/wp-json\/wp\/v2\/posts"}],"about":[{"href":"https:\/\/intoconcept.com\/sv\/wp-json\/wp\/v2\/types\/post"}],"author":[{"embeddable":true,"href":"https:\/\/intoconcept.com\/sv\/wp-json\/wp\/v2\/users\/4"}],"replies":[{"embeddable":true,"href":"https:\/\/intoconcept.com\/sv\/wp-json\/wp\/v2\/comments?post=22379"}],"version-history":[{"count":0,"href":"https:\/\/intoconcept.com\/sv\/wp-json\/wp\/v2\/posts\/22379\/revisions"}],"wp:attachment":[{"href":"https:\/\/intoconcept.com\/sv\/wp-json\/wp\/v2\/media?parent=22379"}],"wp:term":[{"taxonomy":"category","embeddable":true,"href":"https:\/\/intoconcept.com\/sv\/wp-json\/wp\/v2\/categories?post=22379"},{"taxonomy":"post_tag","embeddable":true,"href":"https:\/\/intoconcept.com\/sv\/wp-json\/wp\/v2\/tags?post=22379"}],"curies":[{"name":"wp","href":"https:\/\/api.w.org\/{rel}","templated":true}]}}